{"id":3436,"date":"2023-07-03T06:35:22","date_gmt":"2023-07-03T04:35:22","guid":{"rendered":"https:\/\/berlin3.davidweb.pro\/?p=3436"},"modified":"2024-04-18T05:41:53","modified_gmt":"2024-04-18T03:41:53","slug":"skalierung-agiler-praktiken","status":"publish","type":"post","link":"https:\/\/berlin3.davidweb.pro\/de\/skalierung-agiler-praktiken\/","title":{"rendered":"Die unbequeme Wahrheit der Skalierung agiler Praktiken"},"content":{"rendered":"<h2>TL; DR: Die Skalierung agiler Praktiken<\/h2>\r\n\r\n<p>Agile Transformationen, bei denen die Skalierung agiler Praktiken von der Teamebene auf die gesamte Organisation im Vordergrund steht, erfordern mehr als die Implementierung von Frameworks wie SAFe\u00ae. Sie bed\u00fcrfen eines radikalen Wechsels von einem starren Top-Down-Management hin zu flexiblen, menschenzentrierten Abl\u00e4ufen, die auf vereinfachten Strukturen, autonomen Teams und einer h\u00e4ufigen, nachhaltigen Wertsch\u00f6pfung beruhen, anstatt schnellere und billigere Ergebnisse zu versprechen. <\/p>\r\n\r\n<p><img data-recalc-dims=\"1\" loading=\"lazy\" decoding=\"async\" src=\"https:\/\/i0.wp.com\/berlin3.davidweb.pro\/wp-content\/uploads\/2023\/07\/Uncomfortable-Truth-Scaling-Agile-Age-of-Product-com.jpg?resize=1290%2C645&#038;ssl=1\" alt=\"The Uncomfortable Truth of Scaling Agile \u2014\u00a0Berlin-Product-People.com\" width=\"1290\" height=\"645\" class=\"alignnone size-full wp-image-3434\" srcset=\"https:\/\/i0.wp.com\/berlin3.davidweb.pro\/wp-content\/uploads\/2023\/07\/Uncomfortable-Truth-Scaling-Agile-Age-of-Product-com.jpg?w=1800&amp;ssl=1 1800w, https:\/\/i0.wp.com\/berlin3.davidweb.pro\/wp-content\/uploads\/2023\/07\/Uncomfortable-Truth-Scaling-Agile-Age-of-Product-com.jpg?resize=300%2C150&amp;ssl=1 300w, https:\/\/i0.wp.com\/berlin3.davidweb.pro\/wp-content\/uploads\/2023\/07\/Uncomfortable-Truth-Scaling-Agile-Age-of-Product-com.jpg?resize=1024%2C512&amp;ssl=1 1024w, https:\/\/i0.wp.com\/berlin3.davidweb.pro\/wp-content\/uploads\/2023\/07\/Uncomfortable-Truth-Scaling-Agile-Age-of-Product-com.jpg?resize=768%2C384&amp;ssl=1 768w, https:\/\/i0.wp.com\/berlin3.davidweb.pro\/wp-content\/uploads\/2023\/07\/Uncomfortable-Truth-Scaling-Agile-Age-of-Product-com.jpg?resize=1536%2C768&amp;ssl=1 1536w\" sizes=\"auto, (max-width: 1290px) 100vw, 1290px\" \/><\/p>\r\n\r\n<!--more-->\r\n\r\n<p>???? <em>Soll ich Sie \u00fcber Artikel wie diesen informieren? Gro\u00dfartig! Sie k\u00f6nnen sich <a href=\"https:\/\/age-of-product.com\/subscribe\/?ref=want2get\" title=\"Sign up to Age-of-Product.com\u2019s newsletter\" rel=\"noopener noreferrer\" target=\"_blank\">hier f\u00fcr den Newsletter \"Food for Agile Thought\" anmelden<\/a> und sich \u00fcber 47.000 Abonnenten anschlie\u00dfen.<\/em><\/p>\r\n\r\n<p>???? <strong>The most popular discussion on LinkedIn this week was<\/strong>: <a href=\"https:\/\/www.linkedin.com\/posts\/stefanwolpers_metrics-measuring-agile-activity-7078371808189534208-QkBT\/\" title=\"???? Introducing: The Minimum Viable Library \u2014 Metrics & Measuring edition! \u2014\u00a0Stefan Wolpers on LinkedIn\" target=\"_blank\" trigger-id=\"3804270\" rel=\"noopener\">Introducing: The Minimum Viable Library \u2014 Metrics & Measuring edition!<\/a>\r\n<\/p>\r\n\r\n<p>???? <a href=\"https:\/\/berlin3.davidweb.pro\/de\/events\/\" title=\"Professional Scrum Classes by PST Stefan Wolpers\" rel=\"noopener\" target=\"_blank\">Nehmen Sie an einer von Stefans kommenden Professional Scrum-Schulungen teil<\/a>! <\/p>\r\n\r\n<p>???? Lassen Sie sich benachrichtigen, wenn das <a href=\"https:\/\/age-of-product.com\/get-notified-when-the-new-scrum-anti-patters-guide-becomes-available\/\" title=\"Get Notified When the New \u2018Scrum Anti-Patters Guide\u2019 Becomes Available!\" rel=\"noopener\" target=\"_blank\">Scrum Anti-Patterns Guide Buch verf\u00fcgbar ist<\/a>!<\/p>\r\n\r\n\r\n<h2>Der Hintergrund der Skalierung agiler Praktiken<\/h2>\r\n\r\n<p>Eine agile Transformation geht \u00fcber die \u00dcbernahme von Frameworks wie SAFe\u00ae hinaus und stellt traditionelle tayloristische, Top-Down-Managementstile in Frage. Anstatt einfach eine weitere Initiative zu starten, die ggf. von McBoston oder einem anderen der \u00fcblichen Verd\u00e4chtigen geleitet wird, erfordern agile Transformationen einen v\u00f6llig anderen Ansatz. Sie sind niemals prozessgesteuert, sondern h\u00e4ngen von einem kulturellen und mentalen Wechsel auf der Ebene aller Beteiligten ab.<\/p>\r\n\r\n<p>Erfolgreiche agile Transformationen erfordern daher eine Vereinfachung der Organisationsstrukturen, die F\u00f6rderung autonomer Teams und eine Verlagerung des Schwerpunkts von normativen Prozessen hin zu menschenzentrierten Interaktionen. Flexibilit\u00e4t sollte gef\u00f6rdert werden, um sich dem jeweiligen organisatorischen Kontext anpassen zu k\u00f6nnen, anstatt sich starr an Praktiken wie Scrum oder Kanban zu halten. Und schlie\u00dflich ist es wichtig, sich daran zu erinnern, dass \u201cAgile\u201d keine schnelleren und g\u00fcnstigeren Ergebnisse verspricht, sondern den Schwerpunkt auf eine h\u00e4ufige, nachhaltige und qualitativ hochwertige Wertsch\u00f6pfung legt.<\/p>\r\n\r\n<p>Dies sind m. E. die sieben g\u00e4ngigen Probleme bei der Skalierung agiler Praktiken:<\/p>\r\n\r\n<ol>\r\n\r\n\t<li><strong>Es gibt keinen SAFe-Weg, um Ihre Probleme zu unFIX(en)<\/strong>: Das Scaled Agile Framework (SAFe\u00ae) wird oft als L\u00f6sung f\u00fcr die Ausrichtung gro\u00dfer Organisationen auf agile Prozesse angesehen. Es ist jedoch wichtig zu verstehen, dass die blo\u00dfe Implementierung von SAFe oder eines anderen Skalierungs-Frameworks nicht automatisch die Probleme l\u00f6st, die sich aus dem Streben nach Agilit\u00e4t ergeben. Diese erfordert hingegen, dass die Organisation eine agile Denkweise annimmt und ihre Kultur und Organisationsstruktur \u00e4ndert, mit einem Verst\u00e4ndnis der Prinzipien und Werte auf allen Ebenen, von den Teams bis zu den F\u00fchrungskr\u00e4ften.<\/li>\r\n\r\n\t<li><strong>Taylorismus l\u00f6st keine komplexen adaptiven Probleme<\/strong>: Frederick Winslow Taylors Prinzipien des <a href=\"https:\/\/en.wikipedia.org\/wiki\/Scientific_management\" title=\"Wissenschaftliches Management\" rel=\"noopener\" target=\"_blank\">Wissenschaftlichen Managements<\/a>, oder Taylorismus, konzentrieren sich auf die Optimierung einzelner Aufgaben durch einen Top-Down-Ansatz zur Steigerung der Effizienz. Dieses Konzept hat sich bei einfachen, sich wiederholenden Aufgaben bew\u00e4hrt, greift aber zu kurz, wenn es um komplexe, adaptive Probleme geht, die heute h\u00e4ufig auftreten. Agile Praktiken, die Teamautonomie, Selbstmanagement, funktions\u00fcbergreifende Zusammenarbeit, iterative und inkrementelle Entwicklung und die Zusammenarbeit mit dem Kunden f\u00f6rdern, sind nicht nur besser geeignet, sondern unverzichtbar. Was in den 1920er Jahren f\u00fcr General Motors funktionierte, ist heute keine erfolgreiche Strategie mehr.<\/li>\r\n\r\n\t<li><strong>Deskalierung der Organisation ist der Weg nach vorne<\/strong>: W\u00e4hrend der \"Skalierung agiler Praktiken\" viel Aufmerksamkeit geschenkt wird, k\u00f6nnte die Deskalierung der Organisation f\u00fcr viele Unternehmen eine effektivere Strategie sein. Die Verkleinerung umfasst die Vereinfachung von Strukturen und Prozessen, die Beseitigung b\u00fcrokratischer Hindernisse und die F\u00f6rderung schlanker (lean) Prinzipien. Diese Strategie st\u00e4rkt die Teams, reduziert die Verschwendung, erh\u00f6ht die Schnelligkeit und f\u00f6rdert eine Kultur des kontinuierlichen Lernens und der Verbesserung, was letztendlich zu einem h\u00f6heren Kundennutzen f\u00fchrt. Dieser Ansatz wird jedoch auch Widerstand hervorrufen, da viele Interessengruppen ihre eigenen Ziele verfolgen.<\/li>\r\n\r\n\t<li><strong>Teams zu bef\u00e4higen, Kundenprobleme zu l\u00f6sen<\/strong>: Bef\u00e4higte, autonome Teams sind das Herzst\u00fcck von agiler Praktiken. Anstatt detailliert angeleitet zu werden, k\u00f6nnen sich agile Teams selbst\u00e4ndig organisieren, Entscheidungen treffen und Probleme l\u00f6sen. Dieser Ansatz erh\u00f6ht die Motivation und die Arbeitszufriedenheit und erm\u00f6glicht schnellere, innovativere L\u00f6sungen, als wenn man ihnen vorschreibt, woran sie arbeiten sollen, um das Leben ihrer Kunden zu verbessern. Denken Sie an \"Autonomy, Mastery, Purpose\" im Sinne von Daniel Pink.<\/li>\r\n\r\n\t<li><strong>Verzichten Sie auf das Vorschreiben von Prozessen und Tools<\/strong>: Prozesse und Tools haben zwar ihren Platz, sollten aber in agilen Umgebungen eine untergeordnete Rolle spielen. Das Agile Manifest bevorzugt Menschen und Interaktionen gegen\u00fcber Prozessen und Tools. Anstatt also einen Einheitsansatz vorzuschreiben, sollten Unternehmen eine Kultur f\u00f6rdern, die den Einzelnen bef\u00e4higt, die Zusammenarbeit f\u00f6rdert und Ver\u00e4nderungen verinnerlicht.<\/li>\r\n\r\n\t<li><strong>Scrum, Kanban - die \u00fcblichen Verd\u00e4chtigen sind auf lange Sicht nicht relevant<\/strong>: Scrum, Kanban und andere agile Praktiken sind nur Werkzeuge. Sie bieten Orientierung, sind aber kein Selbstzweck. Anstatt sich starr an eine einzige Praxis oder ein Framework zu halten, sollten Unternehmen einen flexiblen Ansatz verfolgen, der die verschiedenen Aspekte der Konzepte einbezieht. Das ultimative Ziel ist es, eine Arbeitsweise zu finden, die dem einzigartigen Kontext und den Bed\u00fcrfnissen des Unternehmens am besten gerecht wird und den h\u00f6chsten Wert f\u00fcr die Kunden liefert.<\/li>\r\n\r\n\t<li><strong>Agile bedeutet schneller und billiger<\/strong>: Auch wenn Agile zu einer schnelleren Bereitstellung von Kundennutzen f\u00fchren kann, bedeutet dies nicht unbedingt, dass die Arbeit schneller oder zu geringeren Kosten abgeschlossen wird. Agile Methoden legen den Schwerpunkt auf Qualit\u00e4t, ein nachhaltiges Arbeitstempo und eine h\u00e4ufige Lieferung von Werten, nicht auf eine \u00fcberst\u00fcrzte Erledigung von Aufgaben oder Abstriche an der Qualit\u00e4t. Entgegen der landl\u00e4ufigen Meinung geht es bei \"Agile\" nicht um \"Die Kunst, die doppelte Arbeit in der halben Zeit zu erledigen\".<\/li>\r\n<\/ol>\r\n\r\n<p><script async data-uid=\"de05173d75\" src=\"https:\/\/berlin-product-people-gmbh.ck.page\/de05173d75\/index.js\"><\/script><\/p>\r\n\r\n<p class=\"convertkit-amp\">Cannot see the form? Please <a href=\"https:\/\/berlin-product-people-gmbh.ck.page\/de05173d75\" target>click here<\/a>.<\/p>\r\n\r\n<h2>Schlussfolgerung<\/h2>\r\n\r\n<p>Die blo\u00dfe Implementierung eines von mehreren Frameworks zur Skalierung agiler Praktiken von der Teamebene auf die gesamte Organisation wird die Probleme in Sachen Business Agilit\u00e4t nicht l\u00f6sen, wenn sich nicht auch die Denkweise aller Beteiligten \u00e4ndert. Um bei den komplexen Problemen von heute erfolgreich zu sein, m\u00fcssen die Strukturen verkleinert, die B\u00fcrokratie abgebaut und autonome Teams bef\u00e4higt werden, so dass \u00fcberholte Management-Prinzipien \u00fcberwunden werden. <\/p>\r\n\r\n<p>Welche Probleme haben Sie bei agilen Transformationen beobachtet? Bitte teilen Sie uns Ihre Erfahrungen in den Kommentaren mit.<\/p>\r\n\r\n<h2>Weitere Lekt\u00fcre zur Skalierung agiler Praktiken<\/h2>\r\n\r\n<p><a href=\"https:\/\/age-of-product.com\/agile-failure-patterns-in-organizations\/\" rel=\"noopener noreferrer\" target=\"_blank\" title=\"Agile Failure Patterns in Organizations \u2014 Age-of-Product.com\">Agile Failure Patterns in Organizations 2.0<\/a><\/p>\r\n\r\n<p><a href=\"https:\/\/berlin3.davidweb.pro\/de\/fehlverhalten-scrum-interessenvertretern\/\" rel=\"noopener noreferrer\" target=\"_blank\" title=\"36 Fehlverhalten von Scrum Interessenvertretern \u2014 Berlin-Product-People.com\">36 Fehlverhalten von Scrum Interessenvertretern<\/a><\/p>\r\n\r\n<p><a href=\"https:\/\/berlin3.davidweb.pro\/de\/agile-transformation-chatgpt-mcboston\/\" rel=\"noopener noreferrer\" target=\"_blank\" title=\"Agile Transformation mit ChatGPT oder McBoston? \u2014 Berlin-Product-People.com\">Agile Transformation mit ChatGPT oder McBoston?<\/a><\/p>\r\n\r\n<p><a href=\"https:\/\/age-of-product.com\/mastery-autonomy-purpose\/\" rel=\"noopener noreferrer\" target=\"_blank\" title=\"Mastery, Autonomy, Purpose \u2014 Age-of-Product.com\">Agile Transformation: Mastery, Autonomy & Purpose<\/a><\/p>\r\n\r\n<p><a href=\"https:\/\/berlin3.davidweb.pro\/de\/nutzlose-agile-metriken\/\" rel=\"noopener noreferrer\" target=\"_blank\" title=\"Nutzlose Agile Metriken \u2014 Berlin-Product-People.com\">Nutzlose Agile Metriken<\/a><\/p>\r\n\r\n\r\n<h2>???? Professional Scrum-Schulungen nach Scrum.org, Workshops und Events<\/h2>\r\n\r\n<p>Lernen Sie mit unseren Scrum-Schulungen, -Workshops und -Veranstaltungen mehr \u00fcber die Skalierung agiler Praktiken. Sie k\u00f6nnen sich Ihren Platz direkt sichern, indem Sie <strong>dem entsprechenden Link in der Tabelle<\/strong> unten folgen:<\/p>\r\n\r\n<p><style type=\"text\/css\">\r\n.tg  {border-collapse:collapse;border-spacing:0;}\r\n.tg td{font-family:Arial, sans-serif;font-size:14px;padding:10px 19px;border-style:solid;border-width:1px;overflow:hidden;word-break:normal;border-color:black;}\r\n.tg th{font-family:Arial, sans-serif;font-size:14px;font-weight:normal;padding:10px 19px;border-style:solid;border-width:1px;overflow:hidden;word-break:normal;border-color:black;}\r\n.tg .tg-fymr{font-weight:bold;border-color:inherit;text-align:left;vertical-align:top}\r\n.tg .tg-0pky{border-color:inherit;text-align:left;vertical-align:top}\r\n@media screen and (max-width: 767px) {.tg {width: auto !important;}.tg col {width: auto !important;}.tg-wrap {overflow-x: auto;-webkit-overflow-scrolling: touch;}}<\/style>\r\n<div class=\"tg-wrap\"><table class=\"tg\">\r\n  <tr>\r\n    <th class=\"tg-fymr\">Date<\/th>\r\n    <th class=\"tg-fymr\">Class and Language<\/th>\r\n    <th class=\"tg-fymr\">City<\/th>\r\n    <th class=\"tg-fymr\">Price<\/th>\r\n  <\/tr>\r\n\r\n\r\n\r\n\r\n\r\n\r\n\r\n\r\n   <tr>\r\n    <td class=\"tg-0pky\">???? ???? ???????? April 23-24, 2024<\/td>\r\n    <td class=\"tg-0pky\"><strong>GUARANTEED<\/strong>: <a href=\"https:\/\/berlin3.davidweb.pro\/event\/advanced-professional-scrum-master-training-psm-ii-certificate-april-2024\/\" title=\"Advanced Professional Scrum Master Online Training w\/ PSM II Certificate \u2014 April 23-24, 2024\" rel=\"noopener noreferrer\" target=\"_blank\">Professional Scrum Master (Advanced) Training (PSM II; English; Live Virtual Class)<\/a><\/td>\r\n    <td class=\"tg-0pky\"><strong>Live Virtual Class <\/strong><\/td>    \r\n    <td class=\"tg-0pky\">\u20ac1.189 incl. 19% VAT<\/td>\r\n  <\/tr>\r\n\r\n <tr>\r\n    <td class=\"tg-0pky\">???? ???? ???????? May 7, 2024<\/td>\r\n    <td class=\"tg-0pky\"><strong>GUARANTEED<\/strong>: <a href=\"https:\/\/www.meetup.com\/hands-on-agile-berlin-chapter-meetup\/events\/299747452\/\" title=\"Hands-on Agile #61: Toyota Kata Coaching for Agile Teams & Transformations with Fortune Buchholtz\" rel=\"noopener noreferrer\" target=\"_blank\">Hands-on Agile #61: Toyota Kata Coaching for Agile Teams & Transformations with Fortune Buchholtz (English)<\/a><\/td>\r\n    <td class=\"tg-0pky\"><strong>Live Virtual Meetup<\/strong><\/td>    \r\n    <td class=\"tg-0pky\">FREE<\/td>\r\n  <\/tr>\r\n\r\n  <tr>\r\n    <td class=\"tg-0pky\">???? ???? ???????? May 14-15, 2024<\/td>\r\n    <td class=\"tg-0pky\"><strong>GUARANTEED<\/strong>: <a href=\"https:\/\/berlin3.davidweb.pro\/de\/event\/professional-scrum-product-owner-schulung-pspo-i-zertifikat-mai-2024\/\" title=\"Professional Scrum Product Owner Schulung mit PSPO I-Zertifikat \u2014 14. und 15. Mai 2024\" rel=\"noopener noreferrer\" target=\"_blank\">Professional Scrum Product Owner Training (PSPO I; German; Live Virtual Class)<\/a><\/td>\r\n    <td class=\"tg-0pky\"><strong>Live Virtual Class <\/strong><\/td>    \r\n    <td class=\"tg-0pky\">\u20ac1.299 incl. 19% VAT<\/td>\r\n  <\/tr>\r\n\r\n  <tr>\r\n    <td class=\"tg-0pky\">???? ???????? May 28-29, 2024<\/td>\r\n    <td class=\"tg-0pky\"><a href=\"https:\/\/berlin3.davidweb.pro\/event\/advanced-professional-scrum-master-training-psm-ii-certificate-may-2024\/\" title=\"Advanced Professional Scrum Master Training w\/ PSM II Certificate \u2014 May 28-29, 2024\" rel=\"noopener noreferrer\" target=\"_blank\">Professional Scrum Master (Advanced) Training (PSM II; English; Live Virtual Class)<\/a><\/td>\r\n    <td class=\"tg-0pky\"><strong>Live Virtual Class <\/strong><\/td>    \r\n    <td class=\"tg-0pky\">\u20ac1.189 incl. 19% VAT<\/td>\r\n  <\/tr>\r\n\r\n <tr>\r\n    <td class=\"tg-0pky\">???? ???? ???????? June 6, 2024<\/td>\r\n    <td class=\"tg-0pky\"><strong>GUARANTEED<\/strong>: <a href=\"https:\/\/www.meetup.com\/hands-on-agile-berlin-chapter-meetup\/events\/300044242\/\" title=\"Hands-on Agile #62: From Backlog Manager to Product Manager: From Outputs to Outcomes w\/ David Pereira\" rel=\"noopener noreferrer\" target=\"_blank\">Hands-on Agile #62: From Backlog Manager to Product Manager: From Outputs to Outcomes w\/ David Pereira (English)<\/a><\/td>\r\n    <td class=\"tg-0pky\"><strong>Live Virtual Meetup<\/strong><\/td>    \r\n    <td class=\"tg-0pky\">FREE<\/td>\r\n  <\/tr>\r\n\r\n  <tr>\r\n    <td class=\"tg-0pky\">???? ???? ???????? June 13-July 11, 2024<\/td>\r\n    <td class=\"tg-0pky\"><strong>GUARANTEED<\/strong>: <a href=\"https:\/\/berlin3.davidweb.pro\/event\/advanced-product-backlog-management-cohort-june-2024\/\" title=\"Advanced Product Backlog Management Cohort Class \u2014\u00a0June 13-July 11, 2024\" rel=\"noopener noreferrer\" target=\"_blank\">Advanced Product Backlog Management Cohort Class (PBM; English; Live Virtual Cohort)<\/a><\/td>\r\n    <td class=\"tg-0pky\"><strong>Live Virtual Class <\/strong><\/td>    \r\n    <td class=\"tg-0pky\">\u20ac399 incl. 19% VAT<\/td>\r\n  <\/tr>\r\n\r\n  <tr>\r\n    <td class=\"tg-0pky\">???? ???????? July 9-10, 2024<\/td>\r\n    <td class=\"tg-0pky\"><a href=\"https:\/\/berlin3.davidweb.pro\/de\/event\/professional-scrum-product-owner-schulung-pspo-i-zertifikat-juni-2024\/\" title=\"Professional Scrum Product Owner Schulung mit PSPO I-Zertifikat \u2014 9. und 10. Juli 2024\" rel=\"noopener noreferrer\" target=\"_blank\">Professional Scrum Product Owner Training (PSPO I; German; Live Virtual Class)<\/a><\/td>\r\n    <td class=\"tg-0pky\"><strong>Live Virtual Class <\/strong><\/td>    \r\n    <td class=\"tg-0pky\">\u20ac1.299 incl. 19% VAT<\/td>\r\n  <\/tr>\r\n\r\n  <tr>\r\n    <td class=\"tg-0pky\">???? ???????? August 27-28, 2024<\/td>\r\n    <td class=\"tg-0pky\"><a href=\"https:\/\/www.tickettailor.com\/events\/berlinproductpeoplegmbh\/1230229\" title=\"Professional Scrum Master Schulung mit PSM I-Zertifikat \u2014 27. und 28. August 2024\" rel=\"noopener noreferrer\" target=\"_blank\">Professional Scrum Master Training (PSM I; German; Live Virtual Class)<\/a><\/td>\r\n    <td class=\"tg-0pky\"><strong>Live Virtual Class <\/strong><\/td>    \r\n    <td class=\"tg-0pky\">\u20ac1.189 incl. 19% VAT<\/td>\r\n  <\/tr>\r\n\r\n\r\n\r\n\r\n\r\n\r\n<\/table><\/div><\/p>\r\n\r\n<p><a href=\"https:\/\/berlin3.davidweb.pro\/de\/events\/list\/\" title=\"???? Professional Scrum Training \u2014 Scrum-Schulungen der Berlin Product People GmbH\" target=\"_blank\" rel=\"noopener noreferrer\">Alle kommenden Professional-Scrum-Klassen finden Sie hier<\/a>.<\/p>\r\n\r\n<p><a href=\"https:\/\/www.scrum.org\/stefan-wolpers\" title=\"Professional Scrum Training by PST Stefan Wolpers, Berlin  Product People\" rel=\"noopener noreferrer\" target=\"_blank\"><img data-recalc-dims=\"1\" loading=\"lazy\" decoding=\"async\" src=\"https:\/\/i0.wp.com\/age-of-product.com\/wp-content\/uploads\/Scrumorg-PST_horizontal_2000.png?resize=1270%2C250&#038;ssl=1\" alt=\"Professional Scrum Trainer Stefan Wolpers\" width=\"1270\" height=\"250\" class=\"aligncenter size-full wp-image-64815\" data-wp-pid=\"64815\" \/><\/a><\/p>\r\n\r\n<p>Sie k\u00f6nnen Ihren Platz f\u00fcr die Schulung direkt buchen, indem Sie den entsprechenden Links zum Ticketshop folgen. Sollte der Beschaffungsprozess Ihrer Organisation einen anderen Einkaufsprozess erfordern, wenden Sie sich bitte direkt an die <a href=\"https:\/\/berlin3.davidweb.pro\/training\/professional-scrum-master-training-psm-i\/\" title=\"Training, Workshops, and Events \u2014\u00a0Berlin Product People GmbH\" rel=\"noopener noreferrer\" target=\"_blank\">Berlin Product People GmbH<\/a>.<\/p>\r\n\r\n<h2>\u270b Nicht vers\u00e4umen: Lernen Sie mehr \u00fcber die Skalierung agiler Praktiken in der 12.000-k\u00f6pfigen \"Hands-on Agile\" Slack-Community<\/h2>\r\n\r\n<p>Ich lade Sie ein, sich dem  <a href=\"https:\/\/goo.gl\/forms\/LObbRtSF9vvxN3CL2\" title=\"Treten Sie dem Hands-on Agile Slack Team bei \u2014\u00a0Berlin Product People GmbH\" target=\"_blank\" trigger-id=\"112090\" rel=\"noopener noreferrer\">\"Hands-on Agile\" Slack-Team<\/a> anzuschlie\u00dfen und die Vorteile einer schnell wachsenden, lebendigen Gemeinschaft von agilen Praktikern aus der ganzen Welt zu genie\u00dfen.<\/p>\r\n\r\n<p><a href=\"https:\/\/goo.gl\/forms\/LObbRtSF9vvxN3CL2\" title=\"Treten Sie dem Hands-on Agile Slack Team bei \u2014\u00a0Berlin Product People GmbH\" target=\"_blank\" trigger-id=\"112090\" rel=\"noopener noreferrer\"><img data-recalc-dims=\"1\" loading=\"lazy\" decoding=\"async\" src=\"https:\/\/i0.wp.com\/age-of-product.com\/wp-content\/uploads\/handsonagile-LOGO.jpg?resize=1270%2C220&#038;ssl=1\" alt=\"Nicht vers\u00e4umen: Lernen Sie mehr den Scrum Master Gehalt 2023 Bericht im 12.000-k\u00f6pfigen \"Hands-on Agile\" Slack Team\" width=\"1270\" height=\"220\" class=\"aligncenter size-full wp-image-64308\" data-wp-pid=\"64308\" \/><\/a><\/p>\r\n\r\n<p>Wenn Sie jetzt beitreten m\u00f6chten, m\u00fcssen Sie nur noch <a href=\"https:\/\/goo.gl\/forms\/LObbRtSF9vvxN3CL2\" title=\"Treten Sie dem Hands-on Agile Slack Team bei \u2014\u00a0Berlin Product People GmbH\" target=\"_blank\" trigger-id=\"112090\" rel=\"noopener noreferrer\">Ihre Anmeldeinformationen \u00fcber dieses Google-Formular angeben<\/a>, und ich werde Sie anmelden. Die Mitgliedschaft <strong>ist kostenlos.<\/strong><\/p>\r\n\r\n<p>Unterst\u00fctzen Sie Ihre Scrum Team in Hinblick auf die Skalierung agiler Praktiken, indem Sie auf den kostenlosen Scrum Anti-Patterns Guide hinweisen:<\/p>\r\n\r\n<p><a href=\"https:\/\/age-of-product.com\/scrum-anti-patterns\/\" title=\"Download the free Scrum Anti-Patterns Guide by PST Stefan Wolpers and improve your Product Backlog Refinement \u2014\u00a0160 ways to improve as a Scrum Team \u2014\u00a0Age-of-Product.com\" rel=\"noopener noreferrer\" target=\"_blank\"><img data-recalc-dims=\"1\" loading=\"lazy\" decoding=\"async\" src=\"https:\/\/i0.wp.com\/age-of-product.com\/wp-content\/uploads\/0-SAG-Download-Free-Scrum-Anti-Patterns-Guide-Age-of-Product-Com.jpg?resize=1270%2C282&#038;ssl=1\" alt=\"Download the free Scrum Anti-Patterns Guide by PST Stefan Wolpers \u2014\u00a0Product Backlog Refinement First Principles \u2014\u00a0Age-of-Product.com\" width=\"1270\" height=\"282\" class=\"aligncenter size-full wp-image-66486\" data-wp-pid=\"66486\" \/><\/a><\/p>\r\n\r\n\r\n","protected":false},"excerpt":{"rendered":"<p>TL; DR: Die Skalierung agiler Praktiken Agile Transformationen, bei denen die Skalierung agiler Praktiken von der Teamebene auf die gesamte Organisation im Vordergrund steht, erfordern mehr als die Implementierung von [&hellip;]<\/p>\n","protected":false},"author":2,"featured_media":0,"comment_status":"closed","ping_status":"closed","sticky":false,"template":"","format":"standard","meta":{"_acf_changed":false,"_gspb_post_css":"","_monsterinsights_skip_tracking":false,"_wp_convertkit_post_meta":{"form":"-1","landing_page":"","tag":"0","restrict_content":"0"},"_tribe_events_control_status":"","_tribe_events_control_status_canceled_reason":"","_tribe_events_control_status_postponed_reason":"","_tribe_events_control_online":"","_tribe_events_control_online_url":"","footnotes":"","_links_to":"","_links_to_target":""},"categories":[2],"tags":[2048,4652],"class_list":["post-3436","post","type-post","status-publish","format-standard","hentry","category-agile","tag-agile-transformation-de","tag-agile-transformation-de-2"],"blocksy_meta":[],"acf":[],"yoast_head":"<!-- This site is optimized with the Yoast SEO plugin v28.1 - https:\/\/yoast.com\/product\/yoast-seo-wordpress\/ -->\n<title>Skalierung Agiler Praktiken \u2014 Berlin-Product-People.com<\/title>\n<meta name=\"robots\" content=\"index, follow, max-snippet:-1, max-image-preview:large, max-video-preview:-1\" \/>\n<link rel=\"canonical\" href=\"https:\/\/berlin3.davidweb.pro\/de\/skalierung-agiler-praktiken\/\" \/>\n<meta property=\"og:locale\" content=\"de_DE\" \/>\n<meta property=\"og:type\" content=\"article\" \/>\n<meta property=\"og:title\" content=\"Skalierung Agiler Praktiken \u2014 Berlin-Product-People.com\" \/>\n<meta property=\"og:description\" content=\"TL; DR: Die Skalierung agiler Praktiken Agile Transformationen, bei denen die Skalierung agiler Praktiken von der Teamebene auf die gesamte Organisation im Vordergrund steht, erfordern mehr als die Implementierung von [&hellip;]\" \/>\n<meta property=\"og:url\" content=\"https:\/\/berlin3.davidweb.pro\/de\/skalierung-agiler-praktiken\/\" \/>\n<meta property=\"og:site_name\" content=\"Berlin Product People GmbH\" \/>\n<meta property=\"article:publisher\" content=\"https:\/\/www.facebook.com\/BerlinProductPeople\" \/>\n<meta property=\"article:published_time\" content=\"2023-07-03T04:35:22+00:00\" \/>\n<meta property=\"article:modified_time\" content=\"2024-04-18T03:41:53+00:00\" \/>\n<meta property=\"og:image\" content=\"https:\/\/berlin-product-people.com\/wp-content\/uploads\/2023\/07\/Uncomfortable-Truth-Scaling-Agile-Age-of-Product-com.jpg\" \/>\n<meta name=\"author\" content=\"Stefan Wolpers\" \/>\n<meta name=\"twitter:card\" content=\"summary_large_image\" \/>\n<meta name=\"twitter:creator\" content=\"@StefanW\" \/>\n<meta name=\"twitter:site\" content=\"@Berlin_PP\" \/>\n<meta name=\"twitter:label1\" content=\"Verfasst von\" \/>\n\t<meta name=\"twitter:data1\" content=\"Stefan Wolpers\" \/>\n\t<meta name=\"twitter:label2\" content=\"Gesch\u00e4tzte Lesezeit\" \/>\n\t<meta name=\"twitter:data2\" content=\"8\u00a0Minuten\" \/>\n<script type=\"application\/ld+json\" class=\"yoast-schema-graph\">{\"@context\":\"https:\\\/\\\/schema.org\",\"@graph\":[{\"@type\":\"Article\",\"@id\":\"https:\\\/\\\/berlin3.davidweb.pro\\\/de\\\/skalierung-agiler-praktiken\\\/#article\",\"isPartOf\":{\"@id\":\"https:\\\/\\\/berlin3.davidweb.pro\\\/de\\\/skalierung-agiler-praktiken\\\/\"},\"author\":{\"name\":\"Stefan Wolpers\",\"@id\":\"https:\\\/\\\/berlin3.davidweb.pro\\\/de\\\/#\\\/schema\\\/person\\\/5a816a3ba988f428b00eaa6d3f8251e1\"},\"headline\":\"Die unbequeme Wahrheit der Skalierung agiler Praktiken\",\"datePublished\":\"2023-07-03T04:35:22+00:00\",\"dateModified\":\"2024-04-18T03:41:53+00:00\",\"mainEntityOfPage\":{\"@id\":\"https:\\\/\\\/berlin3.davidweb.pro\\\/de\\\/skalierung-agiler-praktiken\\\/\"},\"wordCount\":1395,\"publisher\":{\"@id\":\"https:\\\/\\\/berlin3.davidweb.pro\\\/de\\\/#organization\"},\"image\":{\"@id\":\"https:\\\/\\\/berlin3.davidweb.pro\\\/de\\\/skalierung-agiler-praktiken\\\/#primaryimage\"},\"thumbnailUrl\":\"https:\\\/\\\/berlin3.davidweb.pro\\\/wp-content\\\/uploads\\\/2023\\\/07\\\/Uncomfortable-Truth-Scaling-Agile-Age-of-Product-com.jpg\",\"keywords\":[\"Agile transformation\",\"Agile transformation\"],\"articleSection\":[\"Agile\"],\"inLanguage\":\"de\"},{\"@type\":\"WebPage\",\"@id\":\"https:\\\/\\\/berlin3.davidweb.pro\\\/de\\\/skalierung-agiler-praktiken\\\/\",\"url\":\"https:\\\/\\\/berlin3.davidweb.pro\\\/de\\\/skalierung-agiler-praktiken\\\/\",\"name\":\"Skalierung Agiler Praktiken \u2014 Berlin-Product-People.com\",\"isPartOf\":{\"@id\":\"https:\\\/\\\/berlin3.davidweb.pro\\\/de\\\/#website\"},\"primaryImageOfPage\":{\"@id\":\"https:\\\/\\\/berlin3.davidweb.pro\\\/de\\\/skalierung-agiler-praktiken\\\/#primaryimage\"},\"image\":{\"@id\":\"https:\\\/\\\/berlin3.davidweb.pro\\\/de\\\/skalierung-agiler-praktiken\\\/#primaryimage\"},\"thumbnailUrl\":\"https:\\\/\\\/berlin3.davidweb.pro\\\/wp-content\\\/uploads\\\/2023\\\/07\\\/Uncomfortable-Truth-Scaling-Agile-Age-of-Product-com.jpg\",\"datePublished\":\"2023-07-03T04:35:22+00:00\",\"dateModified\":\"2024-04-18T03:41:53+00:00\",\"breadcrumb\":{\"@id\":\"https:\\\/\\\/berlin3.davidweb.pro\\\/de\\\/skalierung-agiler-praktiken\\\/#breadcrumb\"},\"inLanguage\":\"de\",\"potentialAction\":[{\"@type\":\"ReadAction\",\"target\":[\"https:\\\/\\\/berlin3.davidweb.pro\\\/de\\\/skalierung-agiler-praktiken\\\/\"]}]},{\"@type\":\"ImageObject\",\"inLanguage\":\"de\",\"@id\":\"https:\\\/\\\/berlin3.davidweb.pro\\\/de\\\/skalierung-agiler-praktiken\\\/#primaryimage\",\"url\":\"https:\\\/\\\/berlin3.davidweb.pro\\\/wp-content\\\/uploads\\\/2023\\\/07\\\/Uncomfortable-Truth-Scaling-Agile-Age-of-Product-com.jpg\",\"contentUrl\":\"https:\\\/\\\/berlin3.davidweb.pro\\\/wp-content\\\/uploads\\\/2023\\\/07\\\/Uncomfortable-Truth-Scaling-Agile-Age-of-Product-com.jpg\"},{\"@type\":\"BreadcrumbList\",\"@id\":\"https:\\\/\\\/berlin3.davidweb.pro\\\/de\\\/skalierung-agiler-praktiken\\\/#breadcrumb\",\"itemListElement\":[{\"@type\":\"ListItem\",\"position\":1,\"name\":\"Startseite\",\"item\":\"https:\\\/\\\/berlin-product-people.com\\\/de\\\/leistungen\\\/\"},{\"@type\":\"ListItem\",\"position\":2,\"name\":\"Die unbequeme Wahrheit der Skalierung agiler Praktiken\"}]},{\"@type\":\"WebSite\",\"@id\":\"https:\\\/\\\/berlin3.davidweb.pro\\\/de\\\/#website\",\"url\":\"https:\\\/\\\/berlin3.davidweb.pro\\\/de\\\/\",\"name\":\"Berlin Product People GmbH\",\"description\":\"Professional Scrum Training and agile coaching\",\"publisher\":{\"@id\":\"https:\\\/\\\/berlin3.davidweb.pro\\\/de\\\/#organization\"},\"potentialAction\":[{\"@type\":\"SearchAction\",\"target\":{\"@type\":\"EntryPoint\",\"urlTemplate\":\"https:\\\/\\\/berlin3.davidweb.pro\\\/de\\\/?s={search_term_string}\"},\"query-input\":{\"@type\":\"PropertyValueSpecification\",\"valueRequired\":true,\"valueName\":\"search_term_string\"}}],\"inLanguage\":\"de\"},{\"@type\":\"Organization\",\"@id\":\"https:\\\/\\\/berlin3.davidweb.pro\\\/de\\\/#organization\",\"name\":\"Berlin Product People GmbH\",\"url\":\"https:\\\/\\\/berlin3.davidweb.pro\\\/de\\\/\",\"logo\":{\"@type\":\"ImageObject\",\"inLanguage\":\"de\",\"@id\":\"https:\\\/\\\/berlin3.davidweb.pro\\\/de\\\/#\\\/schema\\\/logo\\\/image\\\/\",\"url\":\"https:\\\/\\\/berlin3.davidweb.pro\\\/wp-content\\\/uploads\\\/2026\\\/07\\\/Berlin-Product-People-Logo-300-removebg-preview.png\",\"contentUrl\":\"https:\\\/\\\/berlin3.davidweb.pro\\\/wp-content\\\/uploads\\\/2026\\\/07\\\/Berlin-Product-People-Logo-300-removebg-preview.png\",\"width\":300,\"height\":300,\"caption\":\"Berlin Product People GmbH\"},\"image\":{\"@id\":\"https:\\\/\\\/berlin3.davidweb.pro\\\/de\\\/#\\\/schema\\\/logo\\\/image\\\/\"},\"sameAs\":[\"https:\\\/\\\/www.facebook.com\\\/BerlinProductPeople\",\"https:\\\/\\\/x.com\\\/Berlin_PP\",\"https:\\\/\\\/www.instagram.com\\\/berlinproductpeople\\\/\",\"https:\\\/\\\/www.linkedin.com\\\/company\\\/berlin-product-people\\\/\",\"https:\\\/\\\/www.pinterest.de\\\/berlinproductpeoplegmbh\\\/\"]},{\"@type\":\"Person\",\"@id\":\"https:\\\/\\\/berlin3.davidweb.pro\\\/de\\\/#\\\/schema\\\/person\\\/5a816a3ba988f428b00eaa6d3f8251e1\",\"name\":\"Stefan Wolpers\",\"image\":{\"@type\":\"ImageObject\",\"inLanguage\":\"de\",\"@id\":\"https:\\\/\\\/secure.gravatar.com\\\/avatar\\\/392d5e6a71dbd5a1c2fb415df09189a78208644aaf9587ed506592fd4af63cc6?s=96&d=mm&r=g\",\"url\":\"https:\\\/\\\/secure.gravatar.com\\\/avatar\\\/392d5e6a71dbd5a1c2fb415df09189a78208644aaf9587ed506592fd4af63cc6?s=96&d=mm&r=g\",\"contentUrl\":\"https:\\\/\\\/secure.gravatar.com\\\/avatar\\\/392d5e6a71dbd5a1c2fb415df09189a78208644aaf9587ed506592fd4af63cc6?s=96&d=mm&r=g\",\"caption\":\"Stefan Wolpers\"},\"description\":\"Stefan ist Professional Scrum Trainer (PST) bei Scrum.org und arbeitet seit \u00fcber 17 Jahren als Scrum Master, Agile Coach und Product Owner. Stefan kuratiert den gr\u00f6\u00dften Newsletter der agilen Community \u2014 Food for Agile Thought \u2014 mit \u00fcber 47.000 Abonnenten und ist der Admin der Hands-on Agile Slack-Community mit \u00fcber 12.000 Mitgliedern.\",\"sameAs\":[\"https:\\\/\\\/berlin3.davidweb.pro\",\"https:\\\/\\\/x.com\\\/StefanW\"],\"url\":\"https:\\\/\\\/berlin3.davidweb.pro\\\/de\\\/author\\\/bpl2018\\\/\"}]}<\/script>\n<!-- \/ Yoast SEO plugin. -->","yoast_head_json":{"title":"Skalierung Agiler Praktiken \u2014 Berlin-Product-People.com","robots":{"index":"index","follow":"follow","max-snippet":"max-snippet:-1","max-image-preview":"max-image-preview:large","max-video-preview":"max-video-preview:-1"},"canonical":"https:\/\/berlin3.davidweb.pro\/de\/skalierung-agiler-praktiken\/","og_locale":"de_DE","og_type":"article","og_title":"Skalierung Agiler Praktiken \u2014 Berlin-Product-People.com","og_description":"TL; DR: Die Skalierung agiler Praktiken Agile Transformationen, bei denen die Skalierung agiler Praktiken von der Teamebene auf die gesamte Organisation im Vordergrund steht, erfordern mehr als die Implementierung von [&hellip;]","og_url":"https:\/\/berlin3.davidweb.pro\/de\/skalierung-agiler-praktiken\/","og_site_name":"Berlin Product People GmbH","article_publisher":"https:\/\/www.facebook.com\/BerlinProductPeople","article_published_time":"2023-07-03T04:35:22+00:00","article_modified_time":"2024-04-18T03:41:53+00:00","og_image":[{"url":"https:\/\/berlin-product-people.com\/wp-content\/uploads\/2023\/07\/Uncomfortable-Truth-Scaling-Agile-Age-of-Product-com.jpg","type":"","width":"","height":""}],"author":"Stefan Wolpers","twitter_card":"summary_large_image","twitter_creator":"@StefanW","twitter_site":"@Berlin_PP","twitter_misc":{"Verfasst von":"Stefan Wolpers","Gesch\u00e4tzte Lesezeit":"8\u00a0Minuten"},"schema":{"@context":"https:\/\/schema.org","@graph":[{"@type":"Article","@id":"https:\/\/berlin3.davidweb.pro\/de\/skalierung-agiler-praktiken\/#article","isPartOf":{"@id":"https:\/\/berlin3.davidweb.pro\/de\/skalierung-agiler-praktiken\/"},"author":{"name":"Stefan Wolpers","@id":"https:\/\/berlin3.davidweb.pro\/de\/#\/schema\/person\/5a816a3ba988f428b00eaa6d3f8251e1"},"headline":"Die unbequeme Wahrheit der Skalierung agiler Praktiken","datePublished":"2023-07-03T04:35:22+00:00","dateModified":"2024-04-18T03:41:53+00:00","mainEntityOfPage":{"@id":"https:\/\/berlin3.davidweb.pro\/de\/skalierung-agiler-praktiken\/"},"wordCount":1395,"publisher":{"@id":"https:\/\/berlin3.davidweb.pro\/de\/#organization"},"image":{"@id":"https:\/\/berlin3.davidweb.pro\/de\/skalierung-agiler-praktiken\/#primaryimage"},"thumbnailUrl":"https:\/\/berlin3.davidweb.pro\/wp-content\/uploads\/2023\/07\/Uncomfortable-Truth-Scaling-Agile-Age-of-Product-com.jpg","keywords":["Agile transformation","Agile transformation"],"articleSection":["Agile"],"inLanguage":"de"},{"@type":"WebPage","@id":"https:\/\/berlin3.davidweb.pro\/de\/skalierung-agiler-praktiken\/","url":"https:\/\/berlin3.davidweb.pro\/de\/skalierung-agiler-praktiken\/","name":"Skalierung Agiler Praktiken \u2014 Berlin-Product-People.com","isPartOf":{"@id":"https:\/\/berlin3.davidweb.pro\/de\/#website"},"primaryImageOfPage":{"@id":"https:\/\/berlin3.davidweb.pro\/de\/skalierung-agiler-praktiken\/#primaryimage"},"image":{"@id":"https:\/\/berlin3.davidweb.pro\/de\/skalierung-agiler-praktiken\/#primaryimage"},"thumbnailUrl":"https:\/\/berlin3.davidweb.pro\/wp-content\/uploads\/2023\/07\/Uncomfortable-Truth-Scaling-Agile-Age-of-Product-com.jpg","datePublished":"2023-07-03T04:35:22+00:00","dateModified":"2024-04-18T03:41:53+00:00","breadcrumb":{"@id":"https:\/\/berlin3.davidweb.pro\/de\/skalierung-agiler-praktiken\/#breadcrumb"},"inLanguage":"de","potentialAction":[{"@type":"ReadAction","target":["https:\/\/berlin3.davidweb.pro\/de\/skalierung-agiler-praktiken\/"]}]},{"@type":"ImageObject","inLanguage":"de","@id":"https:\/\/berlin3.davidweb.pro\/de\/skalierung-agiler-praktiken\/#primaryimage","url":"https:\/\/berlin3.davidweb.pro\/wp-content\/uploads\/2023\/07\/Uncomfortable-Truth-Scaling-Agile-Age-of-Product-com.jpg","contentUrl":"https:\/\/berlin3.davidweb.pro\/wp-content\/uploads\/2023\/07\/Uncomfortable-Truth-Scaling-Agile-Age-of-Product-com.jpg"},{"@type":"BreadcrumbList","@id":"https:\/\/berlin3.davidweb.pro\/de\/skalierung-agiler-praktiken\/#breadcrumb","itemListElement":[{"@type":"ListItem","position":1,"name":"Startseite","item":"https:\/\/berlin-product-people.com\/de\/leistungen\/"},{"@type":"ListItem","position":2,"name":"Die unbequeme Wahrheit der Skalierung agiler Praktiken"}]},{"@type":"WebSite","@id":"https:\/\/berlin3.davidweb.pro\/de\/#website","url":"https:\/\/berlin3.davidweb.pro\/de\/","name":"Berlin Product People GmbH","description":"Professional Scrum Training and agile coaching","publisher":{"@id":"https:\/\/berlin3.davidweb.pro\/de\/#organization"},"potentialAction":[{"@type":"SearchAction","target":{"@type":"EntryPoint","urlTemplate":"https:\/\/berlin3.davidweb.pro\/de\/?s={search_term_string}"},"query-input":{"@type":"PropertyValueSpecification","valueRequired":true,"valueName":"search_term_string"}}],"inLanguage":"de"},{"@type":"Organization","@id":"https:\/\/berlin3.davidweb.pro\/de\/#organization","name":"Berlin Product People GmbH","url":"https:\/\/berlin3.davidweb.pro\/de\/","logo":{"@type":"ImageObject","inLanguage":"de","@id":"https:\/\/berlin3.davidweb.pro\/de\/#\/schema\/logo\/image\/","url":"https:\/\/berlin3.davidweb.pro\/wp-content\/uploads\/2026\/07\/Berlin-Product-People-Logo-300-removebg-preview.png","contentUrl":"https:\/\/berlin3.davidweb.pro\/wp-content\/uploads\/2026\/07\/Berlin-Product-People-Logo-300-removebg-preview.png","width":300,"height":300,"caption":"Berlin Product People GmbH"},"image":{"@id":"https:\/\/berlin3.davidweb.pro\/de\/#\/schema\/logo\/image\/"},"sameAs":["https:\/\/www.facebook.com\/BerlinProductPeople","https:\/\/x.com\/Berlin_PP","https:\/\/www.instagram.com\/berlinproductpeople\/","https:\/\/www.linkedin.com\/company\/berlin-product-people\/","https:\/\/www.pinterest.de\/berlinproductpeoplegmbh\/"]},{"@type":"Person","@id":"https:\/\/berlin3.davidweb.pro\/de\/#\/schema\/person\/5a816a3ba988f428b00eaa6d3f8251e1","name":"Stefan Wolpers","image":{"@type":"ImageObject","inLanguage":"de","@id":"https:\/\/secure.gravatar.com\/avatar\/392d5e6a71dbd5a1c2fb415df09189a78208644aaf9587ed506592fd4af63cc6?s=96&d=mm&r=g","url":"https:\/\/secure.gravatar.com\/avatar\/392d5e6a71dbd5a1c2fb415df09189a78208644aaf9587ed506592fd4af63cc6?s=96&d=mm&r=g","contentUrl":"https:\/\/secure.gravatar.com\/avatar\/392d5e6a71dbd5a1c2fb415df09189a78208644aaf9587ed506592fd4af63cc6?s=96&d=mm&r=g","caption":"Stefan Wolpers"},"description":"Stefan ist Professional Scrum Trainer (PST) bei Scrum.org und arbeitet seit \u00fcber 17 Jahren als Scrum Master, Agile Coach und Product Owner. Stefan kuratiert den gr\u00f6\u00dften Newsletter der agilen Community \u2014 Food for Agile Thought \u2014 mit \u00fcber 47.000 Abonnenten und ist der Admin der Hands-on Agile Slack-Community mit \u00fcber 12.000 Mitgliedern.","sameAs":["https:\/\/berlin3.davidweb.pro","https:\/\/x.com\/StefanW"],"url":"https:\/\/berlin3.davidweb.pro\/de\/author\/bpl2018\/"}]}},"_links":{"self":[{"href":"https:\/\/berlin3.davidweb.pro\/de\/wp-json\/wp\/v2\/posts\/3436","targetHints":{"allow":["GET"]}}],"collection":[{"href":"https:\/\/berlin3.davidweb.pro\/de\/wp-json\/wp\/v2\/posts"}],"about":[{"href":"https:\/\/berlin3.davidweb.pro\/de\/wp-json\/wp\/v2\/types\/post"}],"author":[{"embeddable":true,"href":"https:\/\/berlin3.davidweb.pro\/de\/wp-json\/wp\/v2\/users\/2"}],"replies":[{"embeddable":true,"href":"https:\/\/berlin3.davidweb.pro\/de\/wp-json\/wp\/v2\/comments?post=3436"}],"version-history":[{"count":0,"href":"https:\/\/berlin3.davidweb.pro\/de\/wp-json\/wp\/v2\/posts\/3436\/revisions"}],"wp:attachment":[{"href":"https:\/\/berlin3.davidweb.pro\/de\/wp-json\/wp\/v2\/media?parent=3436"}],"wp:term":[{"taxonomy":"category","embeddable":true,"href":"https:\/\/berlin3.davidweb.pro\/de\/wp-json\/wp\/v2\/categories?post=3436"},{"taxonomy":"post_tag","embeddable":true,"href":"https:\/\/berlin3.davidweb.pro\/de\/wp-json\/wp\/v2\/tags?post=3436"}],"curies":[{"name":"wp","href":"https:\/\/api.w.org\/{rel}","templated":true}]}}